{"id":415,"date":"2023-05-24T13:44:43","date_gmt":"2023-05-24T16:44:43","guid":{"rendered":"https:\/\/apresentacaocontentmkt.com.br\/terapiafloralemcuritiba\/?p=415"},"modified":"2023-05-24T13:44:43","modified_gmt":"2023-05-24T16:44:43","slug":"como-funciona-a-apometria-espiritual","status":"publish","type":"post","link":"https:\/\/apresentacaocontentmkt.com.br\/terapiafloralemcuritiba\/como-funciona-a-apometria-espiritual\/","title":{"rendered":"Como funciona a Apometria Espiritual"},"content":{"rendered":"<p><strong><u>O que \u00e9:<\/u><\/strong><\/p>\n<p>\u200b<\/p>\n<p>A Apometria \u00e9 uma t\u00e9cnica de desdobramento desenvolvida pelo m\u00e9dico-cirurgi\u00e3o Dr. Jos\u00e9 Lacerda de Azevedo em 1965, testada e embasada na teoria da f\u00edsica qu\u00e2ntica de Albert Einstein. \u00c9 muito eficaz em proporcionar uma profunda limpeza e harmoniza\u00e7\u00e3o f\u00edsica, emocional, mental e espiritual (personalidades negativas dissociadas da consci\u00eancia, influ\u00eancias espirituais negativas e dist\u00farbios da mediunidade).<\/p>\n<p>\u200b<\/p>\n<p>Esta terapia atua na energia exata do momento em que os traumas, dores, v\u00edcios, m\u00e1goas, sentimentos ou comportamentos equivocados se originaram, seja nesta vida ou em vidas passadas.<\/p>\n<p>\u200b<\/p>\n<p>Por exemplo, hoje voc\u00ea pode detestar cachorros porque lembra que foi mordido por um c\u00e3o quando era crian\u00e7a. No entanto, existem muitos outros aspectos negativos que sabemos que n\u00e3o ocorreram nesta vida, e ficamos sem entender o porqu\u00ea que temos medo de lugares fechados, de altura, de aranhas, de nadar e se afogar, ou ser muito calado, narcisista, viciado em bebidas, etc.<\/p>\n<p>&nbsp;<\/p>\n<p>A Apometria \u00e9 uma importante ferramenta de harmoniza\u00e7\u00e3o e reequil\u00edbrio de todos os corpos, ve\u00edculos e malhas eletromagn\u00e9ticas que fazem pat\u00ea da estrutura multidimensional de uma Consci\u00eancia, a partir da manipula\u00e7\u00e3o de campos eletromagn\u00e9ticos operados pela mente do Apometra.<\/p>\n<p>Estes campos de energia s\u00e3o direcionados para o paciente com o intuito de transmutar ou dissociar as cargas negativas manifestadas a partir dos pensamentos, emo\u00e7\u00f5es e sentimentos desarm\u00f4nicos( medo, angustia, dor, tristeza, traumas, cargas obsessoras negativadas, bloqueios espirituais etc.)<\/p>\n<p>Dessa forma e obedecendo aos procedimentos usados na Apometria Qu\u00e2ntica, Espiritual o paciente acelerar\u00e1 e potenciacializar\u00e1 seus processos de cura f\u00edsica, mental e emocional.<\/p>\n<p>Na apometria qu\u00e2ntica atuamos como canais e facilitadores de energia n\u00e3o s\u00f3\u00a0 de equipes espirituais, mas tamb\u00e9m da nossa consci\u00eancia criadora manifestado no EU SOU ou Ess\u00eancia Divina.<\/p>\n<p>&nbsp;<\/p>\n<p>\u00c0 partir destes princ\u00edpios temos condi\u00e7\u00f5es de efetuar uma s\u00e9rie de procedimentos que aplicamos nos atendimentos:<\/p>\n<ul>\n<li>Efetuar limpezas espirituais<\/li>\n<li>Retirada de chips e implantes extra f\u00edsicos;<\/li>\n<li>Limpeza de miasmas e doen\u00e7as no corpo et\u00e9rico antes da materializa\u00e7\u00e3o de doen\u00e7as no corpo f\u00edsico;<\/li>\n<li>Ativa\u00e7\u00e3o de propriedades curativas na energia bioc\u00f3smica;<\/li>\n<li>Ativa\u00e7\u00f5es de campos, elementais e formas pensamentos de AMOR;<\/li>\n<li>Tratamento de traumas desta vida e de vidas passadas;<\/li>\n<li>Programa\u00e7\u00e3o e ativa\u00e7\u00e3o de frequ\u00eancias com arqu\u00e9tipos de cura;<\/li>\n<li>Proje\u00e7\u00e3o de consci\u00eancia para passado, futuro e vidas paralelas;<\/li>\n<li>Conex\u00e3o com fraternidades de Luz e Amor;<\/li>\n<li>Cria\u00e7\u00e3o de campos de for\u00e7a e prote\u00e7\u00e3o etc.<\/li>\n<\/ul>\n<p>&nbsp;<\/p>\n<p>&nbsp;<\/p>\n<p>\u200b<\/p>\n<p><strong><u>Tratamento:<\/u><\/strong><\/p>\n<p>\u200b<\/p>\n<p>No tratamento de apometria \u00e9 utilizado t\u00e9cnicas de desdobramento espiritual com comandos energ\u00e9ticos buscando harmonia e equil\u00edbrio. \u00c9 canalizada a energia na forma de pulsos magn\u00e9ticos para identificar a raiz do problema e, muitas vezes, alcan\u00e7ar a cura. Uma vez curada, a pessoa precisa buscar o autoconhecimento e a reforma \u00edntima: superar seus medos, mudar padr\u00f5es mentais negativos e maus h\u00e1bitos. Assim, sua energia se modificar\u00e1, evitando que caia nos mesmos erros do passado.<\/p>\n<p>\u200b<\/p>\n<p>\u200b<\/p>\n<p><strong><u>Indica\u00e7\u00f5es:<\/u><\/strong><\/p>\n<p>\u200b<\/p>\n<p>&#8211; Traumas, bloqueios e medos de que n\u00e3o consegue identificar os motivos<\/p>\n<p>&#8211; Mediunidade aflorada e desequilibrada<\/p>\n<p>&#8211; Intensa falta de controle sobre seus pensamentos, sentimentos e a\u00e7\u00f5es<\/p>\n<p>&#8211; Remo\u00e7\u00e3o de chips, implantes, obsessores, encostos, magias negras, clones, corpos sequestrados e auto obsessores<\/p>\n<p>&#8211; Cirurgias espirituais para a cura a n\u00edvel energ\u00e9tico<\/p>\n<p>&#8211; Corte e liberta\u00e7\u00e3o de antepassados, la\u00e7os c\u00e1rmicos, contratos<\/p>\n<p>&#8211; Proporcionar ascens\u00e3o espiritual aos planos mais sutis, focando na limpeza, realinhamento e reativa\u00e7\u00e3o dos chacras<\/p>\n<p>&#8211; Reconex\u00e3o com o Eu Superior e alinhamentos com a sua miss\u00e3o de vida<\/p>\n<p>\u200b<\/p>\n<p>\u200b<\/p>\n<p>\u200b<\/p>\n<p><strong><u>A Sess\u00e3o:<\/u><\/strong><\/p>\n<p>\u200b<\/p>\n<p>O tratamento ocorre presencialmente e \u00e0 dist\u00e2ncia, voc\u00ea recebe o tratamento espiritual onde voc\u00ea estiver, sem limita\u00e7\u00e3o de espa\u00e7o ou tempo. Tem a dura\u00e7\u00e3o aproximada de 1 hora.<\/p>\n<p>&nbsp;<\/p>\n<p>&nbsp;<\/p>\n<p>&nbsp;<\/p>\n<p>&nbsp;<\/p>\n<p>&nbsp;<\/p>\n<p>\u200b<\/p>\n<p>&nbsp;<\/p>\n","protected":false},"excerpt":{"rendered":"<p>O que \u00e9: \u200b A Apometria \u00e9 uma t\u00e9cnica de desdobramento desenvolvida pelo m\u00e9dico-cirurgi\u00e3o Dr. Jos\u00e9 Lacerda de Azevedo em 1965, testada e embasada na teoria da f\u00edsica qu\u00e2ntica de Albert Einstein. \u00c9 muito eficaz em proporcionar uma profunda limpeza e harmoniza\u00e7\u00e3o f\u00edsica, emocional, mental e espiritual (personalidades negativas dissociadas da consci\u00eancia, influ\u00eancias espirituais negativas [&hellip;]<\/p>\n","protected":false},"author":1,"featured_media":416,"comment_status":"open","ping_status":"open","sticky":false,"template":"","format":"standard","meta":{"_joinchat":[],"footnotes":""},"categories":[1],"tags":[],"class_list":["post-415","post","type-post","status-publish","format-standard","has-post-thumbnail","hentry","category-uncategorized"],"_links":{"self":[{"href":"https:\/\/apresentacaocontentmkt.com.br\/terapiafloralemcuritiba\/wp-json\/wp\/v2\/posts\/415","targetHints":{"allow":["GET"]}}],"collection":[{"href":"https:\/\/apresentacaocontentmkt.com.br\/terapiafloralemcuritiba\/wp-json\/wp\/v2\/posts"}],"about":[{"href":"https:\/\/apresentacaocontentmkt.com.br\/terapiafloralemcuritiba\/wp-json\/wp\/v2\/types\/post"}],"author":[{"embeddable":true,"href":"https:\/\/apresentacaocontentmkt.com.br\/terapiafloralemcuritiba\/wp-json\/wp\/v2\/users\/1"}],"replies":[{"embeddable":true,"href":"https:\/\/apresentacaocontentmkt.com.br\/terapiafloralemcuritiba\/wp-json\/wp\/v2\/comments?post=415"}],"version-history":[{"count":1,"href":"https:\/\/apresentacaocontentmkt.com.br\/terapiafloralemcuritiba\/wp-json\/wp\/v2\/posts\/415\/revisions"}],"predecessor-version":[{"id":417,"href":"https:\/\/apresentacaocontentmkt.com.br\/terapiafloralemcuritiba\/wp-json\/wp\/v2\/posts\/415\/revisions\/417"}],"wp:featuredmedia":[{"embeddable":true,"href":"https:\/\/apresentacaocontentmkt.com.br\/terapiafloralemcuritiba\/wp-json\/wp\/v2\/media\/416"}],"wp:attachment":[{"href":"https:\/\/apresentacaocontentmkt.com.br\/terapiafloralemcuritiba\/wp-json\/wp\/v2\/media?parent=415"}],"wp:term":[{"taxonomy":"category","embeddable":true,"href":"https:\/\/apresentacaocontentmkt.com.br\/terapiafloralemcuritiba\/wp-json\/wp\/v2\/categories?post=415"},{"taxonomy":"post_tag","embeddable":true,"href":"https:\/\/apresentacaocontentmkt.com.br\/terapiafloralemcuritiba\/wp-json\/wp\/v2\/tags?post=415"}],"curies":[{"name":"wp","href":"https:\/\/api.w.org\/{rel}","templated":true}]}}