{"id":422,"date":"2023-05-24T14:11:57","date_gmt":"2023-05-24T17:11:57","guid":{"rendered":"https:\/\/apresentacaocontentmkt.com.br\/terapiafloralemcuritiba\/?p=422"},"modified":"2023-05-24T14:11:57","modified_gmt":"2023-05-24T17:11:57","slug":"porque-fazer-a-leitura-e-alinhamento-dos-chacras","status":"publish","type":"post","link":"https:\/\/apresentacaocontentmkt.com.br\/terapiafloralemcuritiba\/porque-fazer-a-leitura-e-alinhamento-dos-chacras\/","title":{"rendered":"Porque fazer a leitura e alinhamento dos Chacras?"},"content":{"rendered":"<p>Tudo que existe e se manifesta no plano f\u00edsico, desde uma pedra, uma planta, os animais, at\u00e9 os seres humanos, possui tamb\u00e9m uma manifesta\u00e7\u00e3o energ\u00e9tica mais sutil, um de campo qu\u00e2ntico eletromagn\u00e9tico vibrando em determinada frequ\u00eancia.<\/p>\n<p>A f\u00edsica qu\u00e2ntica explica que tanto a mat\u00e9ria quanto a luz vibram em determinadas frequ\u00eancias. Quanto menor for a frequ\u00eancia de vibra\u00e7\u00e3o da mat\u00e9ria mais densa ela se apresentar\u00e1. Quanto maior for a sua frequ\u00eancia de vibra\u00e7\u00e3o menos densa ou mais sutil ela ser\u00e1. Os cientistas utilizam a frequ\u00eancia de vibra\u00e7\u00e3o da luz como uma refer\u00eancia para determinar o que \u00e9 mat\u00e9ria e o que s\u00e3o as energias mais sutis.<\/p>\n<p>A f\u00edsica qu\u00e2ntica explica a energia vibra numa determinada velocidade e esta velocidade determina a sua frequ\u00eancia. Quanto mais lenta for a frequ\u00eancia de vibra\u00e7\u00e3o de uma energia, mas densa ela se apresentar\u00e1. Quanto mais acelerada for a frequ\u00eancia de vibra\u00e7\u00e3o de uma determinada energia menos densa ou mais sutil ela ser\u00e1. Os cientistas utilizam a frequ\u00eancia de vibra\u00e7\u00e3o da luz como uma refer\u00eancia para determinar o que \u00e9 mat\u00e9ria e o que s\u00e3o energias mais sutis.<\/p>\n<p>Todas as manifesta\u00e7\u00f5es f\u00edsicas que podem ser percebidas com os cinco sentidos vibram numa frequ\u00eancia abaixo da frequ\u00eancia de vibra\u00e7\u00e3o da luz. Por\u00e9m, o que chamamos de corpos qu\u00e2nticos \u00e9 uma manifesta\u00e7\u00e3o da energia que vibra numa frequ\u00eancia acima da frequ\u00eancia de vibra\u00e7\u00e3o da luz e que n\u00e3o pode ser percebida atrav\u00e9s dos cinco sentidos.<\/p>\n<p>Corpos qu\u00e2nticos inferiores, a nossa personalidade e a origem das doen\u00e7as<\/p>\n<p>Vibrando numa frequ\u00eancia de vibra\u00e7\u00e3o mais acelerada que o corpo f\u00edsico, existe um corpo mais sutil chamado de Corpo Et\u00e9rico. Ele \u00e9 uma c\u00f3pia energ\u00e9tica do corpo f\u00edsico, tanto anatomicamente quanto fisiologicamente, e a ele se interpenetra. O Corpo Et\u00e9rico interage energeticamente orientando o crescimento, o desenvolvimento e a manuten\u00e7\u00e3o da sa\u00fade do corpo f\u00edsico. Nele as doen\u00e7as podem se manifestar semanas, meses ou, at\u00e9 mesmo, anos antes de serem somatizadas, de se manifestarem no corpo f\u00edsico. \u00c9 nele que atuam, predominantemente, as terapias energ\u00e9ticas, tamb\u00e9m chamadas de terapias vibracionais, tais como a homeopatia e a acupuntura, harmonizando as disfun\u00e7\u00f5es energ\u00e9ticas neste n\u00edvel, para que, ent\u00e3o, a cura possa se reestabelecer no corpo f\u00edsico. Estas terapias podem, at\u00e9 mesmo, prevenir doen\u00e7as, eliminando-as deste corpo antes mesmos delas se apresentarem no corpo f\u00edsico.<\/p>\n<p>Vibrando numa frequ\u00eancia mais acelerada que o Corpo Et\u00e9rico se encontra o Corpo Emocional. Ele est\u00e1 relacionado com as nossas emo\u00e7\u00f5es e sentimentos, pois nele se encontram as cargas emocionais relacionadas com as cren\u00e7as da nossa personalidade, assim como nossos padr\u00f5es emocionais de rea\u00e7\u00e3o, determinados pelos nossos \u201cestados de consci\u00eancia\u201d.<\/p>\n<p>O Corpo Mental vibra numa frequ\u00eancia mais acelerada que o Corpo Emocional e est\u00e1 relacionado com os pensamentos, os conhecimentos racionais e cognitivos, assim como, nele ficam armazenados, tamb\u00e9m o nosso sistema de cren\u00e7as, os padr\u00f5es mentais da nossa personalidade que determinam os nossos \u201cestados de consci\u00eancia\u201d.<\/p>\n<p>\u00c9 no corpo mental que inicia o processo de desarmonia que ir\u00e1 se manifestar como doen\u00e7a no corpo f\u00edsico. As cren\u00e7as e padr\u00f5es de nossa personalidade que se encontram nele evocam determinadas cargas emocionais no corpo emocional e, consequentemente criam determinados \u201cestados de consci\u00eancia\u201d limitados.<\/p>\n<p>Os \u201cestados de consci\u00eancia\u201d limitados que vibram na frequ\u00eancia da 3\u00aa e da 4\u00aa dimens\u00e3o decorrentes de cargas emocionais constituem disfun\u00e7\u00f5es energ\u00e9ticas t\u00f3xicas em nosso campo qu\u00e2ntico. As emo\u00e7\u00f5es de medo, tristeza, m\u00e1goa, culpa e raiva s\u00e3o consideradas toxinas energ\u00e9ticas.<\/p>\n<p>A disfun\u00e7\u00e3o energ\u00e9tica no Corpo Mental, estimula o Corpo Emocional a gerar toxinas energ\u00e9ticas que ir\u00e3o interferir no bom funcionamento do Corpo Et\u00e9rico, o que desencadear\u00e1 na somatiza\u00e7\u00e3o de uma doen\u00e7a no corpo f\u00edsico.<\/p>\n<p>Este processo de disfun\u00e7\u00e3o energ\u00e9tica \u00e9 chamado de \u201cefeito cascata\u201d, onde o a maneira de interpretar e conceituar uma determinada situa\u00e7\u00e3o, a frequ\u00eancia do corpo mental interagem energeticamente criando disfun\u00e7\u00e3o no corpo emocional e determina reagimos emocionalmente, interage energeticamente cria disfun\u00e7\u00f5es no corpo et\u00e9rico e gera doen\u00e7a no corpo f\u00edsico.<\/p>\n<p>A nossa personalidade determina a configura\u00e7\u00e3o do Corpo Emocional e no Corpo Mental e \u00e9 neles onde atuam, predominantemente, as terapias qu\u00e2nticas em geral, tais como: terapia floral, cromoterapia, cristaloterapia, terapia de regress\u00e3o de mem\u00f3ria \u00e0 vida intrauterina, \u00e0 inf\u00e2ncia e \u00e0s vidas passadas, terapia espiritual, t\u00e9cnicas de imposi\u00e7\u00e3o de m\u00e3os em geral, entre outras. O objetivo destas terapias vibracionais \u00e9 ajudar na recupera\u00e7\u00e3o da harmonia energ\u00e9tica nestes n\u00edveis, para que n\u00f3s possamos superar e transformar cren\u00e7as que nos limitam e proporcionam desconfortos. Algumas vezes, o retorno da harmonia de algum aspecto dos corpos emocional e mental, tamb\u00e9m pode refletir, por \u201cefeito cascata\u201d, na elimina\u00e7\u00e3o de alguma doen\u00e7a no corpo f\u00edsico.<\/p>\n<p>O corpo f\u00edsico, o corpo et\u00e9rico, o corpo emocional e o corpo mental recebem a denomina\u00e7\u00e3o de corpos energ\u00e9ticos inferiores, n\u00e3o no sentido pejorativo da palavra, mas porque a vibra\u00e7\u00e3o da frequ\u00eancia deles \u00e9 considerada mais densa e mais lenta que a frequ\u00eancia de vibra\u00e7\u00e3o dos corpos denominados superiores.<\/p>\n<p>\u00c9 importante ressaltar que a configura\u00e7\u00e3o dos corpos inferiores representa a nossa personalidade, o nosso ego, as nossas cren\u00e7as limitantes, enquanto a configura\u00e7\u00e3o dos corpos superiores representa a nossa natureza divina.<\/p>\n<p>Corpos qu\u00e2nticos superiores e a nossa natureza divina<\/p>\n<p>Os corpos energ\u00e9ticos superiores n\u00e3o apresentam desarmonia, pois representam a express\u00e3o da nossa natureza espiritual.<\/p>\n<p>O Corpo Cr\u00edstico, vibrando numa frequ\u00eancia mais acelerada que o Corpo Mental, \u00e9 a nossa identidade espiritual. \u00c9 chamado, tamb\u00e9m, de Eu Superior e representa o nosso Modelo Original de Perfei\u00e7\u00e3o, pois \u00e9 a fonte de nossa sabedoria e de todas as nossas potencialidades divinas.<\/p>\n<p>Vibrando numa frequ\u00eancia acima do Corpo Cr\u00edstico se encontra o Corpo Causal que representa o aspecto feminino do Divino. Ele \u00e9 conhecido em determinadas religi\u00f5es como o Esp\u00edrito Santo. Vibrando acima dele se encontra o Corpo Eletr\u00f4nico, tamb\u00e9m chamado de Presen\u00e7a Divina que representa o aspecto masculino do Divino.<\/p>\n<p>Como as dimens\u00f5es do planeta Terra se encontram envolvidas pela realidade polarizada, para que aqui possa ser manifestada qualquer cria\u00e7\u00e3o \u00e9 necess\u00e1rio existir uma parte feminina e a sua contraparte masculina.<\/p>\n<p>Os princ\u00edpios Tao\u00edstas explicam que do Tao \u2013 a Fonte \u2013 se originam duas for\u00e7as polarizadas e complementares, a energia Yin, feminina e a energia Yang, masculina que s\u00e3o as for\u00e7as criadoras que interagem e produzem a vida. Da mesma maneira, atrav\u00e9s de Deus \u00e9 manifestado o aspecto do Pai Divino, o Corpo Eletr\u00f4nico, assim como o aspecto da M\u00e3e Divina, o Corpo Causal que interagem entre si e criam o Filho Divino, o Corpo Cr\u00edstico, o Eu Superior. Os tr\u00eas representam a Trindade Divina e a nossa natureza espiritual.<\/p>\n<p>O conjunto de todos estes corpos qu\u00e2nticos \u00e9 tamb\u00e9m conhecido como aura. Todos os corpos qu\u00e2nticos se interpenetram entre si e est\u00e3o conectados entre si e ao corpo f\u00edsico atrav\u00e9s dos chakras.<\/p>\n<h2><strong>Os chakras \u2013 As Gl\u00e2ndulas Qu\u00e2nticas<\/strong><\/h2>\n<p>Os chakras s\u00e3o gl\u00e2ndulas qu\u00e2nticas que absorvem a energia vital abundante no universo, a qual \u00e9 chamada de\u00a0<em>prana\u00a0<\/em>ou de<em>\u00a0ki\u00a0<\/em>pelos orientais. A energia vital nutre energeticamente os corpos sutis. Os chakras absorvem a energia vital transformando-a na frequ\u00eancia espec\u00edfica de cada um dos corpos sutis, redistribuindo-a entre eles. Os chakras s\u00e3o o elemento de liga\u00e7\u00e3o dos corpos mais sutis, entre si, em suas diferentes frequ\u00eancias de vibra\u00e7\u00e3o e a liga\u00e7\u00e3o destes com o corpo f\u00edsico.<\/p>\n<p>Assim como existem \u00f3rg\u00e3os e gl\u00e2ndulas f\u00edsicas que regulam o metabolismo no corpo f\u00edsico, os chakras podem ser considerados \u00f3rg\u00e3o e gl\u00e2ndulas energ\u00e9ticas que regulam o \u201cmetabolismo energ\u00e9tico\u201d dos corpos qu\u00e2nticos.Assim como o sangue deve fluir por todo o nosso organismo f\u00edsico e nutrir com oxig\u00eanio cada uma de nossas c\u00e9lulas, a energia vital deve fluir livremente atrav\u00e9s de nosso sistema energ\u00e9tico e nutrir adequadamente os nossos chakras e os nossos corpos energ\u00e9ticos. \u00a0A nossa sa\u00fade f\u00edsica e o bem-estar mental e emocional dependem da boa fluidez da energia vital atrav\u00e9s do nosso sistema energ\u00e9tico. As cren\u00e7as limitantes que fazem parte de nossa personalidade podem bloqueiam ou fazer que este fluxo energ\u00e9tico fique muito intenso ocasionando problemas e desconfortos.<\/p>\n<h2><strong>Os Chakras e a Personalidade<\/strong><\/h2>\n<p>A configura\u00e7\u00e3o de cada um dos nossos chakras nos fornece aprendizados espirituais espec\u00edficos a serem desenvolvidos. Neles se encontram registradas todas as mem\u00f3rias desta vida e de vidas passadas, traumas, bloqueios, padr\u00f5es mentais e emocionais, cren\u00e7as conscientes ou inconscientes que definem a nossa personalidade, ou seja, a maneira como nos colocamos no mundo, como vemos a n\u00f3s mesmos, a nossa autoestima, como n\u00f3s vemos os outros, como interpretamos a realidade, como reagimos \u00e0s atitudes das outras pessoas, \u00e0s situa\u00e7\u00f5es e aos eventos que acontecem na nossa vida.<\/p>\n<p>Podemos pensar nos chakras como uma \u201cgl\u00e2ndula energ\u00e9tica\u201d, que est\u00e1 relacionada com aspectos do aprendizado espiritual, que tem atua\u00e7\u00e3o sobre determinadas partes, \u00f3rg\u00e3os e gl\u00e2ndulas do corpo f\u00edsico. Tal qual uma gl\u00e2ndula f\u00edsica, o chakra pode se apresentar, quando em desequil\u00edbrio, hipoativo ou hiperativo. A nossa personalidade, nossas cren\u00e7as conscientes ou inconscientes, interfere no fluxo de energia dos chakras determinando a hipoatividade ou hiperatividade deles.<\/p>\n<p>O ato de uma pessoa evitar um determinado aprendizado espiritual pode levar o chakra \u00e0 hipoatividade e, consequentemente, diminuir fluxo de energia atrav\u00e9s dele. \u00c9 quando se diz que o chakra est\u00e1 bloqueado ou com falta de energia. No n\u00edvel f\u00edsico a hipoatividade pode manifestar-se na forma de uma les\u00e3o degenerativa, destrutiva ou cancerosa nos \u00f3rg\u00e3os associados ao chakra que est\u00e1 privado do fluxo normal de energia.<\/p>\n<p>Por outro lado, dar excessiva aten\u00e7\u00e3o a um determinado aprendizado espiritual pode estimular em excesso o fluxo energ\u00e9tico atrav\u00e9s dele. O excesso de atividade de um chakra pode causar hiperestimula\u00e7\u00e3o das gl\u00e2ndulas e partes do corpo associadas a ele, estimulando uma superprodu\u00e7\u00e3o de c\u00e9lulas, na forma de crescimento de tumores e inflama\u00e7\u00f5es e outros dist\u00farbios.<\/p>\n<p>Os padr\u00f5es mentais e emocionais da nossa personalidade, nossas cren\u00e7as, conscientes ou inconscientes, interferem no fluxo da energia vital em nossos chakras e corpos energ\u00e9ticos, determinando tend\u00eancias da nossa personalidade que nos trazem desconfortos e sofrimentos e estimulando o desenvolvimento de determinadas doen\u00e7as.<\/p>\n<h2><strong>OS SETE CHAKRAS PRINCIPAIS<\/strong><\/h2>\n<p>Possu\u00edmos sete chakras principais e, abaixo, vamos relacion\u00e1-los com aprendizados espirituais, com padr\u00f5es mentais e emocionais da personalidade e com \u00f3rg\u00e3os e partes do nosso corpo f\u00edsico.<\/p>\n<div class=\"et_pb_section et_pb_section_1_tb_body et_section_regular\">\n<div class=\"et_pb_row et_pb_row_2_tb_body\">\n<div class=\"et_pb_column et_pb_column_4_4 et_pb_column_2_tb_body et_pb_css_mix_blend_mode_passthrough et-last-child\">\n<div class=\"et_pb_module et_pb_post_content et_pb_post_content_0_tb_body\">\n<h2><strong>Chakra da Base<\/strong><\/h2>\n<p>Vibra na frequ\u00eancia da cor vermelha e localiza-se no final da coluna entre o c\u00f3ccix e o per\u00edneo.<\/p>\n<p>Est\u00e1 relacionado com as quest\u00f5es de sobreviv\u00eancia, de seguran\u00e7a pessoal e autopreserva\u00e7\u00e3o, entre elas: obten\u00e7\u00e3o de dinheiro e de alimentos, conquista de um lugar onde se possa encontrar abrigo e sentir-se seguro.<\/p>\n<p>Governa os instintos terrenos necess\u00e1rios para a sobreviv\u00eancia f\u00edsica, bem como o meio para consegui-los. \u00c9 o chakra que desencadeia o impulso para a\u00e7\u00e3o, estimula a pessoa a \u201cir \u00e0 luta\u201d. Promove for\u00e7a de vontade, resist\u00eancia e perseveran\u00e7a para enfrentar as dificuldades. Confere ambi\u00e7\u00e3o, objetivos e a garra para atingi-los. Estimula a capacidade de realizar e concretizar no plano f\u00edsico. Por isso ele \u00e9 considerado o chakra da abund\u00e2ncia.<\/p>\n<p>Tamb\u00e9m chamado de Chakra Raiz porque \u00e9 atrav\u00e9s dele que nos conectamos com a vida no corpo f\u00edsico, com a M\u00e3e Terra o que nos garante a sensa\u00e7\u00e3o de sermos acolhidos pelo planeta, pela vida e nos sentirmos seguros para desfrutarmos da nossa exist\u00eancia.<\/p>\n<p>Considerado como a \u00e2ncora da pessoa no mundo, reflete o grau com que a pessoa se sente ligada ao planeta Terra e \u00e0 vida, a quantidade de energia e a vontade de viver na realidade f\u00edsica. Propicia a pot\u00eancia f\u00edsica, a disposi\u00e7\u00e3o, o \u00e2nimo e o senso de realidade.<br \/>\nO chakra da base tem um papel importante com rela\u00e7\u00e3o \u00e0 vitalidade geral do organismo, pois a energia que ele capta da Terra \u00e9 fundamental para estimular todos os outros chakras, todo o sistema energ\u00e9tico e consequentemente, todo o corpo f\u00edsico.<\/p>\n<p>Como o aprendizado espiritual do chakra da base est\u00e1 relacionado com a luta pela sobreviv\u00eancia e seguran\u00e7a material, se estas quest\u00f5es est\u00e3o fluindo na vida uma pessoa sem grandes dificuldades ou conflitos \u00e9 porque a energia vital est\u00e1 fluido adequadamente atrav\u00e9s deste chakra. Por\u00e9m, muitas vezes ele pode estar hipoativo ou hiperativo.<\/p>\n<p>Quando o chakra da base de uma determinada pessoa se encontra hipoativo ela apresentar\u00e1 uma grande inseguran\u00e7a em rela\u00e7\u00e3o a sustentar a si e a fam\u00edlia, ou seja, existe uma dificuldade excessiva com rela\u00e7\u00e3o \u00e0s quest\u00f5es materiais. A vida profissional e financeira desta pessoa tender\u00e1 a n\u00e3o se desenvolver satisfatoriamente.<\/p>\n<p>Ela poder\u00e1 apresentar dificuldade para conseguir trabalho ou para se manter nele. Ela tender\u00e1 evitar ou desanimar-se facilmente diante das dificuldades e obst\u00e1culos referentes a estas quest\u00f5es.<\/p>\n<p>Dificuldades com rela\u00e7\u00e3o \u00e0 objetividade, foco, praticidade e concretiza\u00e7\u00e3o podem ser outras caracter\u00edsticas de uma pessoa que apresenta o chakra da base hipoativo. Falta for\u00e7a interior e determina\u00e7\u00e3o para \u201cir \u00e0 luta\u201d, conseguir superar as dificuldades e atingir os seus objetivos.<\/p>\n<p>Tende a possuir um fraco instinto de conserva\u00e7\u00e3o e de autoprote\u00e7\u00e3o o que poder\u00e1, conscientemente ou inconscientemente, gerar a sensa\u00e7\u00e3o de que o mundo \u00e9 um lugar amea\u00e7ador.<\/p>\n<p>Sentimentos de apatia, fraco v\u00ednculo com a vida, falta de vontade de viver, cansa\u00e7o constante, fraqueza, pregui\u00e7a e tend\u00eancia \u00e0 procrastina\u00e7\u00e3o, tamb\u00e9m, podem se apresentar como caracter\u00edsticas.<\/p>\n<p>Por outro lado, quando o chakra da base se presenta hiperativo a grande inseguran\u00e7a em rela\u00e7\u00e3o a sustentar a si e a fam\u00edlia e sensa\u00e7\u00e3o de que o mundo \u00e9 um lugar amea\u00e7ador, tamb\u00e9m, existir\u00e3o, por\u00e9m a pessoa tender\u00e1 a atuar de maneira oposta. Neste caso ela apresentar\u00e1 uma intensa for\u00e7a de vontade, determina\u00e7\u00e3o e capacidade de concretiza\u00e7\u00e3o para conseguir trabalho, dinheiro e bens materiais, por\u00e9m sempre com muita ansiedade com rela\u00e7\u00e3o a atingir estes objetivos.<\/p>\n<p>A vida profissional e financeira desta pessoa tender\u00e1 a n\u00e3o se desenvolver satisfatoriamente ou ela poder\u00e1 ter muito sucesso nestas \u00e1reas. Mas, mesmo que ela consiga um grande sucesso na vida profissional e conquiste grandes patrim\u00f4nios, a preocupa\u00e7\u00e3o e o medo da car\u00eancia material sempre estar\u00e3o presentes, conscientemente ou inconscientemente, gerando ansiedade e ang\u00fastia.<\/p>\n<p>A hiperatividade do chakra da base poder\u00e1 se apresentar tamb\u00e9m como inquieta\u00e7\u00e3o, hiperatividade, impaci\u00eancia, irritabilidade, tens\u00e3o mental, tens\u00e3o f\u00edsica, nervosismo, apego e possessividade excessiva com rela\u00e7\u00e3o \u00e0s quest\u00f5es materiais.<\/p>\n<p>Algumas vezes, se a personalidade ainda n\u00e3o desenvolveu o aprendizado de outras quest\u00f5es espirituais, ela poder\u00e1 usar a grande for\u00e7a interior unida \u00e0 viol\u00eancia, \u00e0 gan\u00e2ncia, \u00e0 agressividade para atingir os seus objetivos. Poder\u00e1 passar por cima de outras pessoas, apropriar- se indevidamente de pertences de outras pessoas ou at\u00e9 mesmo matar para obter um proveito material.<\/p>\n<p>As emo\u00e7\u00f5es de raiva e medo s\u00e3o predominantemente expressas atrav\u00e9s deste chakra.<\/p>\n<p>Fisicamente o chakra da base est\u00e1 relacionado com: sistema estrutural, m\u00fasculos, ossos, coluna vertebral, medula \u00f3ssea, produ\u00e7\u00e3o e qualidade do sangue, parte inferior da pelve, \u00e2nus, reto, pernas e p\u00e9s e a regi\u00e3o sacrococc\u00edgea da coluna vertebral.<\/p>\n<h2><strong>Chakra Sexual<\/strong><\/h2>\n<p>Vibra na frequ\u00eancia da cor laranja e localiza-se na regi\u00e3o situada entre o umbigo e o osso p\u00fabico.<\/p>\n<p>Est\u00e1 relacionado com a capacidade do ser humano de sentir e desfrutar o prazer de estar num corpo f\u00edsico. Os prazeres sensoriais: a vis\u00e3o, o tato, o paladar, o olfato e a audi\u00e7\u00e3o. O prazer que a admira\u00e7\u00e3o do belo proporciona aos olhos, que a m\u00fasica proporciona aos ouvidos, que a comida proporciona \u00e0 l\u00edngua, que o aroma proporciona ao nariz e o que o toque proporciona ao corpo. O aprendizado deste chakra \u00e9 a capacidade de desfrutar plenamente de todos estes prazeres que o corpo f\u00edsico e o mundo proporcionam.<\/p>\n<p>Entre todos os prazeres f\u00edsicos, o prazer sexual \u00e9 o mais intenso, por este motivo ele representa um papel importante no bem-estar do ser humano.<\/p>\n<p>A configura\u00e7\u00e3o do chakra sexual determina a vitalidade sexual do ser humano, a capacidade dele sentir a pr\u00f3pria for\u00e7a sexual, como ele vivencia e expressa a sua sexualidade e como ele desfruta do prazer sexual.<\/p>\n<p>Todas as mem\u00f3rias, conscientes ou inconscientes, de experi\u00eancias relacionadas ao sexo, traumas e abusos sexuais ficam registradas neste chakra.<\/p>\n<p>Este chakra representa, tamb\u00e9m, a criatividade relacionada com a perpetua\u00e7\u00e3o da esp\u00e9cie, a procria\u00e7\u00e3o.<\/p>\n<p>Se a energia vital flui sem bloqueios expressivos no chakra sexual de uma pessoa, ela se encontra aberta \u00e0 intimidade sexual, sente-se \u00e0 vontade com rela\u00e7\u00e3o \u00e0s suas sensa\u00e7\u00f5es e desejos sexuais e consegue se expressar sexualmente de maneira satisfat\u00f3ria. A pessoa tem consci\u00eancia de sua for\u00e7a sexual e usa este poder para a sua satisfa\u00e7\u00e3o e compartilha-o visando a satisfa\u00e7\u00e3o de outra pessoa, conseguindo conectar a energia sexual com a afetividade.<\/p>\n<p>Quando o chakra sexual de uma pessoa se encontra hipoativo ela reprimir\u00e1 a energia sexual e apresentar\u00e1 um impulso sexual fraco, tend\u00eancia a evitar o ato sexual e negar a import\u00e2ncia e o prazer que ele proporciona. Ela poder\u00e1 apresentar medo da proximidade f\u00edsica, medos e inseguran\u00e7as com rela\u00e7\u00e3o \u00e0 sexualidade, repugn\u00e2ncia pelo seu pr\u00f3prio corpo ou pelo sexo, assim como relacionar as sensa\u00e7\u00f5es sexuais e o pr\u00f3prio ato em si com vergonha, com pecado, com culpa, com sentimento de impureza.<\/p>\n<p>A hipoatividade do chakra sexual pode gerar dificuldade de alcan\u00e7ar o orgasmo, tanto no homem como na mulher, assim como, frigidez, ejacula\u00e7\u00e3o precoce ou incapacidade de ere\u00e7\u00e3o.<\/p>\n<p>Por outro lado, quando o chakra sexual se encontra hiperativo a pessoa pode apresentar uma impulsividade sexual exagerada, a qual exige uma grande demanda de rela\u00e7\u00f5es sexuais ou de masturba\u00e7\u00e3o. Poder\u00e1 tender a encarar os relacionamentos apenas a partir dos aspectos sexuais, tendo dificuldade de vincular o afeto a estes relacionamentos.<\/p>\n<p>A hiperatividade do chakra sexual pode gerar uma grande insatisfa\u00e7\u00e3o sexual na pessoa, independente da quantidade exagerada que ela se dedique as atividades sexuais.<\/p>\n<p>Algumas vezes, a hiperatividade ou hipoatividade deste chakra pode levar a pessoa compensar a necessidade de sentir o prazer sexual atrav\u00e9s de outros prazeres sensoriais, apresentando, por exemplo, uma necessidade compulsiva por comidas, principalmente comidas doces.<\/p>\n<p>As emo\u00e7\u00f5es de raiva e medo s\u00e3o, tamb\u00e9m, predominantemente expressas atrav\u00e9s deste chakra.<\/p>\n<p>Fisicamente o chakra sexual est\u00e1 relacionado com: test\u00edculos, ov\u00e1rios, os \u00f3rg\u00e3os reprodutores, a pr\u00f3stata, os rins, a bexiga, o intestino grosso, o c\u00f3lon e a regi\u00e3o sacrolombar da coluna vertebral.<\/p>\n<h2><strong>Chakra do Plexo Solar<\/strong><\/h2>\n<p>Vibra na freq\u00fc\u00eancia da cor amarela e localiza-se na regi\u00e3o do abdome, entre o osso esterno e o umbigo.<\/p>\n<p>Est\u00e1 relacionado com a identidade pessoal do ser humano, a sua autoimagem, a consci\u00eancia do seu valor pessoal, a autoconfian\u00e7a e a autovaloriza\u00e7\u00e3o necess\u00e1rias para assumir o comando da pr\u00f3pria vida.<\/p>\n<p>Governa o senso de poder pessoal no mundo, a sensa\u00e7\u00e3o de controle sobre a pr\u00f3pria vida e a afirma\u00e7\u00e3o das vontades, necessidades e objetivos pessoais.<\/p>\n<p>Poder pessoal \u00e9 o aprendizado deste chakra e nele se encontram as configura\u00e7\u00f5es que determinam como a personalidade v\u00ea a si mesma, ao mundo e as outras pessoas e como ela se coloca diante das outras pessoas e diante do mundo nas quest\u00f5es de lideran\u00e7a e poder, domina\u00e7\u00e3o e submiss\u00e3o.<\/p>\n<p>Se a energia vital flui sem bloqueios expressivos no chakra do plexo solar de uma pessoa, ela acredita em seu valor pessoal e assume o controle de sua pr\u00f3pria vida. Ela \u00e9 fiel a quem ela \u00e9, \u00e0 sua individualidade, \u00e0s suas necessidades e \u00e0s suas vontades. Consegue colocar limites nas outras pessoas quando estas desrespeitam a sua individualidade ou tentam limitar o seu poder diante de sua pr\u00f3pria vida, assim como respeitam a individualidade das outras pessoas.<\/p>\n<p>Se o chakra do plexo solar de uma pessoa se encontra hipoativo, ela tender\u00e1 a ser insegura, covarde, t\u00edmida, sem confian\u00e7a no seu discernimento, sem confian\u00e7a em sua capacidade de realizar os seus projetos. Poder\u00e1 possuir sentimentos de inferioridade, de fracasso e de vergonha com rela\u00e7\u00e3o \u00e0s outras pessoas. Preocupa-se demais com a opini\u00e3o que os outros possuem sobre ela. Falta confian\u00e7a em si mesma para tomar decis\u00f5es, para defender os seus direitos, seus desejos e suas necessidades diante de outras pessoas. Sente-se incapaz, impotente, inadequada e fracassada diante da vida e das outras pessoas. Desta maneira, abre m\u00e3o do seu poder pessoal, do controle de sua pr\u00f3pria vida e se submete aos des\u00edgnios e vontades de pessoas que possuem uma individualidade mais forte. Apresenta dificuldade para dizer n\u00e3o para estas pessoas e delimitar os espa\u00e7os que estas n\u00e3o devem ultrapassar com rela\u00e7\u00e3o \u00e0 sua individualidade.<\/p>\n<p>Por outro lado, se o chakra do plexo solar de uma pessoa se encontra hiperativo, ela saber\u00e1 utilizar o seu poder pessoal, por\u00e9m tender\u00e1 a abusar deste poder, desrespeitando a individualidade de outras pessoas. Manipular\u00e1 pessoas que possuem a sua individualidade enfraquecida, interferindo em suas decis\u00f5es e submetendo-as \u00e0s suas pr\u00f3prias necessidades, vontades e desejos. O poder pessoal tender\u00e1 a se expressar com agressividade, presun\u00e7\u00e3o, arrog\u00e2ncia e desprezo pelas necessidades e desejo das outras pessoas.<\/p>\n<p>As emo\u00e7\u00f5es de raiva e medo s\u00e3o, tamb\u00e9m, predominantemente expressas atrav\u00e9s deste chakra. O desequil\u00edbrio poder\u00e1 se apresentar atrav\u00e9s do excesso de tens\u00f5es f\u00edsicas e mentais, ansiedade, nervosismo, agita\u00e7\u00e3o, impaci\u00eancia, preocupa\u00e7\u00e3o, inseguran\u00e7a e agressividade.<\/p>\n<p>Fisicamente o chakra do plexo solar est\u00e1 relacionado com: \u00f3rg\u00e3os de digest\u00e3o, assimila\u00e7\u00e3o e elimina\u00e7\u00e3o, sistema digestivo, est\u00f4mago, es\u00f4fago, f\u00edgado, ves\u00edcula biliar, p\u00e2ncreas, ba\u00e7o, ap\u00eandice, intestino delgado, diafragma e a metade inferior da regi\u00e3o tor\u00e1cica da coluna vertebral.<\/p>\n<h2><strong>Chakra Card\u00edaco<\/strong><\/h2>\n<p>Vibra na frequ\u00eancia das cores verde e, tamb\u00e9m, na frequ\u00eancia da cor rosa quando expressamos o amor incondicional, localiza-se no centro do peito sobre o osso esterno.<\/p>\n<p>O chakra card\u00edaco est\u00e1 relacionado com a capacidade de sentir, de expressar, de receber o amor. O amor que une os seres humanos nos diversos relacionamentos. O amor fraterno, o amor rom\u00e2ntico, assim como o amor pelos animais e pela natureza.<\/p>\n<p>Neste chakra se encontra o aprendizado da express\u00e3o mais elevada do amor que \u00e9 o amor incondicional. \u00c9 o centro pelo qual se ama e sente-se compaix\u00e3o pelos outros.<\/p>\n<p>Para que um ser humano possa amar incondicionalmente outro ser \u00e9 necess\u00e1rio primeiro ele aceitar incondicionalmente o outro exatamente como ele \u00e9. Por\u00e9m, para que ele possa aceitar o outro exatamente como \u00e9 e am\u00e1-lo incondicionalmente, \u00e9 imprescind\u00edvel que primeiro ele se aceite incondicionalmente como \u00e9, ou seja, se ame incondicionalmente. Por este motivo o chakra card\u00edaco est\u00e1 intimamente relacionado com a autoestima e a autoaceita\u00e7\u00e3o. A capacidade de manifestar o amor incondicional pelo pr\u00f3ximo, de nutrir e doar-se ao outro \u00e9 proporcional \u00e0 capacidade de amar e de cuidar de si mesmo.<\/p>\n<p>Se a energia vital flui sem bloqueios expressivos no chakra card\u00edaco de uma pessoa ela est\u00e1 aberta para dar e receber o amor nos seus relacionamentos. Apresenta uma autoestima sadia que possibilita sentir empatia para consigo mesma e para com o outro e, desta maneira, consegue cuidar de si mesma e do outro de maneira equilibrada.<\/p>\n<p>Se o chakra card\u00edaco de uma pessoa se encontra hipoativo ela ter\u00e1 uma dificuldade muito grande para se doar nos seus relacionamentos e para expressar a sua afetividade. A capacidade de ter empatia com rela\u00e7\u00e3o \u00e0 outra pessoa vai estar reduzida, por isso vai ter dificuldade de se colocar no lugar dela e perceber suas necessidades afetivas. Tender\u00e1 \u00e0 autopiedade, ao ci\u00fame, a possessividade.<\/p>\n<p>Uma pessoa que se encontra com este chakra hipoativo, consciente ou inconscientemente, acredita que o outro \u00e9 respons\u00e1vel pela sua felicidade e o seu bem-estar e que a manuten\u00e7\u00e3o do relacionamento se d\u00e1 com o outro devotando a sua vida a ele. Por este motivo tender\u00e1 a desrespeitar e desconsiderar os sentimentos da outra pessoa, a ter uma atitude cr\u00edtica e intolerante, n\u00e3o apresentar\u00e1 gratid\u00e3o pelo afeto que recebe, nem tender\u00e1 a retribu\u00ed-lo e, muitas vezes, por mais que receba, nunca estar\u00e1 satisfeita e exigir\u00e1 sempre mais da outra pessoa.<\/p>\n<p>Se o chakra card\u00edaco de uma pessoa se encontra hiperativo ela vai expressar constantemente o seu afeto e se doar incansavelmente no seu relacionamento, porque, consciente ou inconscientemente, ela acredita que \u00e9 respons\u00e1vel pela felicidade do outro e pela manuten\u00e7\u00e3o do relacionamento. Ir\u00e1 utilizar da sua empatia para perceber os desejos e necessidades do outro e satisfaz\u00ea-lo. Far\u00e1 tudo que for poss\u00edvel para agradar o outro e aceitar\u00e1 muito agradecida o pouco que o outro estiver disposto a oferecer.<\/p>\n<p>A falta de amor pr\u00f3prio, de autoestima e a car\u00eancia afetiva far\u00e3o com que a pessoa se torne complacente e aceite facilmente a falta de respeito e de desconsidera\u00e7\u00e3o da outra pessoa e, algumas vezes tamb\u00e9m, a infidelidade e o comportamento agressivo.<\/p>\n<p>S\u00e3o temas do desequil\u00edbrio do chakra card\u00edaco: ego\u00edsmo, car\u00eancia afetiva, depend\u00eancia emocional, medo de ser rejeitado, de perder o afeto, dificuldade de perdoar, as decep\u00e7\u00f5es amorosas e os sentimentos de culpa, m\u00e1goa, tristeza e raiva.<\/p>\n<p>Fisicamente o chakra card\u00edaco est\u00e1 relacionado com: cora\u00e7\u00e3o, circula\u00e7\u00e3o, veias, art\u00e9rias, pulm\u00f5es, timo, sistema imunol\u00f3gico, sistema linf\u00e1tico, g\u00e2nglios linf\u00e1ticos, seios e a metade superior da regi\u00e3o tor\u00e1cica da coluna vertebral.<\/p>\n<h2><strong>Chakra Lar\u00edngeo<\/strong><\/h2>\n<p>Vibra na frequ\u00eancia da cor azul e localiza-se na regi\u00e3o da garganta.<\/p>\n<p>Est\u00e1 relacionado com a comunica\u00e7\u00e3o, com a capacidade de express\u00e3o dos pensamentos, dos sentimentos, as intui\u00e7\u00f5es e a criatividade em geral.<\/p>\n<p>A configura\u00e7\u00e3o do chakra lar\u00edngeo determina a vontade de se comunicar e de se expressar para as pessoas e para o mundo.<\/p>\n<p>\u00c9 o centro do aprendizado da express\u00e3o da individualidade, das verdades pessoais, dos sentimentos e dos pensamentos e, tamb\u00e9m, da express\u00e3o do amor. \u00c9 atrav\u00e9s dele que o ser humano expressa quem \u00e9, o que sente, o que pensa e assume a responsabilidade por isso.<\/p>\n<p>Atrav\u00e9s deste chakra se expressa, tamb\u00e9m, a intui\u00e7\u00e3o que prov\u00eam de todas as formas de percep\u00e7\u00e3o extra-sensorial do chakra frontal, assim como a sabedoria superior, a verdade oriunda da Ess\u00eancia Divina que habita em cada um de n\u00f3s.<\/p>\n<p>\u00c9 considerado o centro da criatividade superior respons\u00e1vel pela express\u00e3o da inspira\u00e7\u00e3o art\u00edstica em geral: m\u00fasica, dan\u00e7a, pintura, escultura, teatro, poesia, literatura, etc.<\/p>\n<p>Se a energia vital flui sem bloqueios expressivos no chakra lar\u00edngeo de uma pessoa a sua fala se apresenta f\u00e1cil e fluente, pois ela sente-se segura em expressar com clareza a sua verdade, quem ela \u00e9, seus pensamentos e sentimentos, sem a necessidade exagerada de falar de si mesma e, ao mesmo tempo, se encontra aberta e disposta para ouvir e compreender as outras pessoas.<\/p>\n<p>A hipoatividade ou a hiperatividade deste chakra depende da configura\u00e7\u00e3o dos chakras anteriores, principalmente do chakra do plexo solar \u2013 o poder pessoal e do chakra card\u00edaco \u2013 a autoestima.<\/p>\n<p>Uma pessoa que se encontra com este chakra hipoativo ter\u00e1 dificuldade de se comunicar com outras pessoas, de falar sobre si mesma, de expressar suas ideias, sentimentos e necessidades. Poder\u00e1 ter pouca clareza na comunica\u00e7\u00e3o, poder\u00e1 apresentar at\u00e9 mesmo problemas com a fala e dificuldade de ser compreendida. Os sentimentos n\u00e3o expressos adequadamente tender\u00e3o a ficar reprimidos nesta regi\u00e3o. Geralmente as tristezas e m\u00e1goas tender\u00e3o a ficar reprimidas na regi\u00e3o da garganta \u2013 o \u201cn\u00f3 na garganta\u201d, as l\u00e1grimas que n\u00e3o s\u00e3o choradas. As raivas e indigna\u00e7\u00f5es tender\u00e3o a ficar reprimidas na regi\u00e3o do pesco\u00e7o e dos ombros.<\/p>\n<p>Uma pessoa que se encontra com este chakra hiperativo apresentar\u00e1 uma necessidade exagerada de se expressar, de falar sobre si mesma, de seus pensamentos, das coisas que acontecem em sua vida, de seus problemas, do que est\u00e1 acontecendo no mundo e na vida das outras pessoas, ao mesmo tempo em que ter\u00e1 pouca disposi\u00e7\u00e3o para ouvir o que os outros t\u00eam a dizer. Tender\u00e3o a cansar e aborrecer os seus interlocutores com a sua fala intermitente e muitas vezes desprovida de conte\u00fado interessante.<\/p>\n<p>Fisicamente o chakra lar\u00edngeo est\u00e1 relacionado com: regi\u00e3o da garganta, gl\u00e2ndulas tireoide e paratireoide, boca, dentes, gengivas, articula\u00e7\u00e3o temporomandibular, cordas vocais, traqueia, laringe, faringe, pesco\u00e7o e as v\u00e9rtebras cervicais.<\/p>\n<h2><strong>Chakra Frontal<\/strong><\/h2>\n<p>Vibra na freq\u00fc\u00eancia da cor azul \u00edndigo, \u00e9 tamb\u00e9m conhecido como o \u201cterceiro olho\u201d e localiza-se na regi\u00e3o do centro da testa.<\/p>\n<p>Est\u00e1 relacionado com a raz\u00e3o, o intelecto, a concentra\u00e7\u00e3o mental e a mem\u00f3ria, assim como com a habilidade intuitiva e as percep\u00e7\u00f5es extra-sensoriais, entre elas: telepatia \u2013 capacidade de perceber o que se passa na mente do outro; clarivid\u00eancia \u2013 capacidade de visualizar acontecimentos e objetos \u00e0 dist\u00e2ncia; premoni\u00e7\u00e3o \u2013 capacidade de obter conhecimento sobre um futuro evento; retrocogni\u00e7\u00e3o \u2013 vis\u00e3o de fatos passados, mediunidade \u2013 capacidade de intera\u00e7\u00e3o entre os diferentes n\u00edveis de realidade; psicometria \u2013 capacidade de captar informa\u00e7\u00f5es sobre algu\u00e9m ou uma localidade ao entrar em contato com um determinado objeto f\u00edsico, entre outras.<\/p>\n<p>O chakra frontal possibilita a introvis\u00e3o, a vis\u00e3o interior, a capacidade de alterar o estado de consci\u00eancia para se lembrar das vidas passadas e para se entrar em contato com outros n\u00edveis de frequ\u00eancia e de realidades.<\/p>\n<p>\u00c9 este chakra que recebe as informa\u00e7\u00f5es captadas de nossa Ess\u00eancia Divina pelo chakra da coroa que possibilita o discernimento a partir da liga\u00e7\u00e3o da mente racional com a sabedoria divina. Desta maneira podemos obter uma vis\u00e3o de n\u00f3s mesmos, dos acontecimentos pessoais e do mundo a partir de um ponto de vista superior. Esta conex\u00e3o permite extrair a sabedoria e os aprendizados das experi\u00eancias da vida.<\/p>\n<p>O aprendizado deste chakra \u00e9 a integra\u00e7\u00e3o harm\u00f4nica entre a raz\u00e3o e a intui\u00e7\u00e3o, ou seja, o equil\u00edbrio da percep\u00e7\u00e3o e express\u00e3o do hemisf\u00e9rio cerebral esquerdo e do hemisf\u00e9rio cerebral direito.<\/p>\n<p>Uma pessoa que se encontra com este chakra hipoativo apresentar\u00e1 um excesso de intelectualismo, a mente racional \u00e9 predominante e para ela \u00e9 imposs\u00edvel acreditar em algo que ela n\u00e3o possa perceber com os cinco sentidos. Ela se encontra privada da sua intui\u00e7\u00e3o e das suas percep\u00e7\u00f5es mais sutis. Para esta pessoa, por exemplo, \u00e9 inconceb\u00edvel estudar um assunto como este sobre os chakras, pois ela n\u00e3o encontra refer\u00eancia entre os cinco sentidos e a raz\u00e3o para que possa cogitar e compreender a ideia da exist\u00eancia de algo assim t\u00e3o imaterial.<\/p>\n<p>Por outro lado, uma pessoa que se encontra com este chakra hiperativo apresentar\u00e1 a percep\u00e7\u00e3o intuitiva excessiva, por\u00e9m com pouca influ\u00eancia da mente racional, o que acarretar\u00e1 para ela falta de discernimento das percep\u00e7\u00f5es intuitivas que recebe e tend\u00eancias \u00e0 fantasia e \u00e0 fuga da realidade. Com a raz\u00e3o enfraquecida ela n\u00e3o conseguir\u00e1 discernir adequadamente sobre as percep\u00e7\u00f5es que a mediunidade em desequil\u00edbrio captar. As informa\u00e7\u00f5es oriundas de suas percep\u00e7\u00f5es extra-sensoriais, sejam mem\u00f3rias de vidas passadas, percep\u00e7\u00f5es da energia de lugares e de outras pessoas, de outras dimens\u00f5es e realidades, de esp\u00edritos desencarnados e outras percep\u00e7\u00f5es sutis sem o correto discernimento poder\u00e3o leva-la, literalmente, \u00e0 loucura e \u00e0 insanidade mental.<\/p>\n<p>Algumas caracter\u00edsticas que expressam o desequil\u00edbrio deste chakras: agita\u00e7\u00e3o mental, atividade mental excessiva, preocupa\u00e7\u00e3o exagerada, dificuldade de racioc\u00ednio, confus\u00e3o mental, problemas de concentra\u00e7\u00e3o e de mem\u00f3ria.<\/p>\n<p>Fisicamente o chakra frontal est\u00e1 relacionado com: gl\u00e2ndula hip\u00f3fise, respons\u00e1vel pela regula\u00e7\u00e3o das atividades de v\u00e1rias outras gl\u00e2ndulas, sistema end\u00f3crino, rosto, olhos, ouvidos, nariz, seios paranasais.<\/p>\n<h2><strong>Chakra Coron\u00e1rio<\/strong><\/h2>\n<p>Vibra na freq\u00fc\u00eancia da cor violeta, tamb\u00e9m chamado de Chakra da Coroa e localiza-se no topo da cabe\u00e7a.<\/p>\n<p>Assim como o chakra da base conecta o ser humano com a terra, o chakra da coroa conecta-o com o c\u00e9u, com a sua Ess\u00eancia Divina, o seu Eu Superior, com a sua espiritualidade e integra o seu ser em todos os seus aspectos: f\u00edsico, emocional, mental e espiritual.<\/p>\n<p>O chakra da coroa \u00e9 o ponto de entrada da energia divina que est\u00e1 ligada diretamente a Deus, \u00e0 Fonte de tudo que existe e que cria a vida e anima o corpo f\u00edsico e os corpos sutis.<\/p>\n<p>A conex\u00e3o plena com o divino permite a percep\u00e7\u00e3o de uma consci\u00eancia c\u00f3smica e universal, promove o sentido de unidade e de totalidade que permite ao ser humano perceber Deus em si mesmo, em todos os seres, na natureza e em todos os eventos, assim como o possibilita reconhecer a sua identidade espiritual e encontrar o verdadeiro sentido de sua exist\u00eancia.<\/p>\n<p>Esta energia que recebemos do divino atrav\u00e9s do chakra da coroa \u00e9 o Amor, o verdadeiro amor incondicional, que se manifesta atrav\u00e9s da frequ\u00eancia da cor rosa no chakra card\u00edaco, mas pode ser chamado, tamb\u00e9m, de Energia Cr\u00edstica, entre outros nomes conforme a abordagem espiritual espec\u00edfica.<\/p>\n<p>Uma pessoa que se encontra com este chakra hiporativo n\u00e3o consegue perceber um sentido maior para a sua exist\u00eancia, apresenta-se c\u00e9tica e indiferente a qualquer ideia que corresponda \u00e0 religiosidade ou \u00e0 espiritualidade. O sentido da vida \u00e9 simples para ela: nascer, crescer, trabalhar, casar, ter filhos, morrer e tudo acabar. Possui dificuldade para compreender quando as outras pessoas falam de suas experi\u00eancias espirituais. O chakra da coroa come\u00e7a a se abrir quando a pessoa come\u00e7a a sentir uma sensa\u00e7\u00e3o de vazio e falta de sentido para a sua exist\u00eancia e a necessidade de encontrar um prop\u00f3sito maior para sua vida. Come\u00e7a a ter consci\u00eancia de que \u00e9 algo mais do que apenas um corpo f\u00edsico e inicia uma busca que pode ser filos\u00f3fica, religiosa ou espiritual visando encontrar algo que possa preencher este vazio existencial.<\/p>\n<p>Por outro lado quando este chakra se encontra hiperativo a pessoa poder\u00e1 se entregar ao fanatismo religioso ou espiritual, \u00e0 contempla\u00e7\u00e3o excessiva do divino e, desta maneira, perder a conex\u00e3o com a realidade.<\/p>\n<p>O chakra da coroa est\u00e1 fisicamente relacionado com a gl\u00e2ndula pineal, o funcionamento geral do c\u00e9rebro e do sistema nervoso.<\/p>\n<p>Al\u00e9m destes sete chakras principais, existem outros chakras menores situados nas palmas das m\u00e3os, nas solas dos p\u00e9s, em outras regi\u00f5es do corpo, assim como chakras maiores situados em \u00a0corpos mais sutis. At\u00e9 mesmo os pontos utilizados pela acupuntura podem ser considerados como microchakras. Por\u00e9m, estes sete chakras s\u00e3o os mais importantes para a compreens\u00e3o de como eles podem representar a personalidade individual de cada pessoa, as li\u00e7\u00f5es espirituais da alma e as doen\u00e7as no corpo f\u00edsico.<\/p>\n<h2><strong>NUTRI\u00c7\u00c3O ENERG\u00c9TICA<\/strong><\/h2>\n<p>Assim como o corpo f\u00edsico necessita do oxig\u00eanio que recebe atrav\u00e9s da respira\u00e7\u00e3o e dos nutrientes que recebe dos alimentos para manter o seu metabolismo em bom funcionamento, os corpos energ\u00e9ticos e os chakras necessitam de energia vital para manter a nutri\u00e7\u00e3o e o bom funcionamento do metabolismo energ\u00e9tico.<\/p>\n<p>A energia vital, tamb\u00e9m, \u00e9 encontrada no ar e nos alimentos. No mesmo momento que respiramos e absorvemos o oxig\u00eanio contido no ar, o prana, a energia vital que vibra numa frequ\u00eancia de vibra\u00e7\u00e3o mais acelerada que a luz, \u00e9 absorvida atrav\u00e9s dos chakras. Quando comemos, por exemplo, uma cenoura, esta cont\u00e9m um corpo energ\u00e9tico mais sutil, que \u00e9 a energia vital que vai ser absorvida pelos chakras.<\/p>\n<p>\u00c9 importante termos, al\u00e9m de uma boa nutri\u00e7\u00e3o f\u00edsica, tamb\u00e9m, uma boa nutri\u00e7\u00e3o energ\u00e9tica. \u00c9 necess\u00e1rio desenvolvermos o h\u00e1bito de respirar de uma maneira mais ampla e consciente, assim como privilegiarmos uma nutri\u00e7\u00e3o com alimentos que tenham uma grande quantidade de energia vital.<\/p>\n<p>Os alimentos processados industrialmente perdem a energia vital e tornam-se apenas nutridores do nosso corpo f\u00edsico e deixando o metabolismo energ\u00e9tico carente de nutri\u00e7\u00e3o.<\/p>\n<p>Todos n\u00f3s temos como aprendizado em cada encarna\u00e7\u00e3o desenvolver a maestria sobre determinados padr\u00f5es mentais e emocionais que fazem parte da nossa personalidade. Quando o nosso sistema energ\u00e9tico fica privado de nutri\u00e7\u00e3o adequada vamos apresentar uma maior dificuldade para desenvolver esta maestria. Por exemplo, se uma pessoa necessita desenvolver a maestria sobre a tend\u00eancia que a sua personalidade apresenta \u00e0 indigna\u00e7\u00e3o e \u00e0 raiva, ela vai ficar muito mais propensa \u00e0 impulsividade e \u00e0 agressividade. Ou ainda, se a tend\u00eancia da personalidade de uma pessoa \u00e9 o pessimismo e o des\u00e2nimo ela ir\u00e1 ficar mais facilmente propensa \u00e0 depress\u00e3o.<\/p>\n<p>Devido a estes fatos, todas as pessoas que est\u00e3o buscando desenvolver a sua espiritualidade devem optar por uma alimenta\u00e7\u00e3o rica em energia vital e, sempre que poss\u00edvel, evitar alimentos processados industrialmente ou pobres em energia vital e dar prefer\u00eancia a legumes, verduras e frutas que s\u00e3o ricos em energia vital.<\/p>\n<p>Al\u00e9m da energia vital presente no ar e nos alimentos, temos outra fonte importante de energia vital que prov\u00e9m da energia sutil de nosso Eu Superior. Recebemos esta energia divina atrav\u00e9s da abertura do chakra da coroa que a distribui por todo o nosso sistema energ\u00e9tico nutrindo todos nossos chakras e os nossos corpos sutis.<\/p>\n<p>Estamos mais abertos para receber esta nutri\u00e7\u00e3o espiritual quando estamos relaxados, quando dormimos ou quando estamos em estado meditativo, o qual o diminui o fluxo de pensamentos em nossa mente.<\/p>\n<p>A medita\u00e7\u00e3o, as ora\u00e7\u00f5es, os mantras e determinados exerc\u00edcios e pr\u00e1ticas espirituais auxiliam na mudan\u00e7a da frequ\u00eancia de nossos chakras e corpos sutis para que n\u00f3s possamos estar abertos para receber a energia nutridora de nossa Ess\u00eancia Divina com maior facilidade e em maior quantidade.<\/p>\n<\/div>\n<p>Texto Jorge Salum.<\/p>\n<p>Jorge Salum foi meu Mestre na forma\u00e7\u00e3o em Terapia Psicoespiritual pelo Instituto Era Dourada.<\/p>\n<div class=\"et_pb_module et_pb_post_content et_pb_post_content_0_tb_body\">\n<div class=\"at-below-post addthis_tool\" data-url=\"https:\/\/eradourada.com.br\/leituras\/os-corpos-energeticos-e-os-chakras-jorge-salum\/\"><\/div>\n<\/div>\n<\/div>\n<\/div>\n<div class=\"et_pb_row et_pb_row_3_tb_body\">\n<div class=\"et_pb_column et_pb_column_4_4 et_pb_column_3_tb_body et_pb_css_mix_blend_mode_passthrough et-last-child\">\n<div class=\"et_pb_module et_pb_text et_pb_text_1_tb_body et_pb_text_align_left et_pb_bg_layout_light\"><\/div>\n<\/div>\n<\/div>\n<\/div>\n<div class=\"et_pb_section et_pb_section_2_tb_body et_pb_with_background et_section_regular\">\n<div class=\"et_pb_row et_pb_row_4_tb_body\">\n<div class=\"et_pb_column et_pb_column_4_4 et_pb_column_4_tb_body et_pb_css_mix_blend_mode_passthrough et-last-child\">\n<div class=\"et_pb_module et_pb_de_mach_acf_item et_pb_de_mach_acf_item_0_tb_body et_pb_de_mach_alignment_ dmach-acf-has-value dmach-image-icon-placement-left\">\n<div class=\"et_pb_module_inner\">\n<div class=\"dmach-acf-item-container\">\n<div class=\"dmach-acf-item-content\">\n<div class=\"dmach-acf-value\">\n<div class=\"repeater-cont grid col-desk-1 col-tab-1 col-mob-1\">\n<div class=\"grid-posts loop-grid\">\n<div class=\"grid-col\">\n<div class=\"grid-item-cont\">\n<div class=\"et_pb_section et_pb_section_3_tb_body et_pb_with_background et_section_regular\">\n<div class=\"et_pb_row et_pb_row_5_tb_body et_pb_gutters1\">\n<div class=\"et_pb_column et_pb_column_1_3 et_pb_column_5_tb_body et_pb_css_mix_blend_mode_passthrough\">\n<div class=\"et_pb_module et_pb_de_mach_acf_item et_pb_de_mach_acf_item_1_tb_body et_pb_de_mach_alignment_ dmach-acf-has-value dmach-image-icon-placement-left\">\n<div class=\"et_pb_module_inner\">\n<div class=\"dmach-acf-item-container\"><\/div>\n<\/div>\n<\/div>\n<\/div>\n<\/div>\n<\/div>\n<\/div>\n<\/div>\n<\/div>\n<\/div>\n<\/div>\n<\/div>\n<\/div>\n<\/div>\n<\/div>\n<\/div>\n<\/div>\n<\/div>\n","protected":false},"excerpt":{"rendered":"<p>Tudo que existe e se manifesta no plano f\u00edsico, desde uma pedra, uma planta, os animais, at\u00e9 os seres humanos, possui tamb\u00e9m uma manifesta\u00e7\u00e3o energ\u00e9tica mais sutil, um de campo qu\u00e2ntico eletromagn\u00e9tico vibrando em determinada frequ\u00eancia. A f\u00edsica qu\u00e2ntica explica que tanto a mat\u00e9ria quanto a luz vibram em determinadas frequ\u00eancias. Quanto menor for a [&hellip;]<\/p>\n","protected":false},"author":1,"featured_media":426,"comment_status":"open","ping_status":"open","sticky":false,"template":"","format":"standard","meta":{"_joinchat":[],"footnotes":""},"categories":[1],"tags":[],"class_list":["post-422","post","type-post","status-publish","format-standard","has-post-thumbnail","hentry","category-uncategorized"],"_links":{"self":[{"href":"https:\/\/apresentacaocontentmkt.com.br\/terapiafloralemcuritiba\/wp-json\/wp\/v2\/posts\/422","targetHints":{"allow":["GET"]}}],"collection":[{"href":"https:\/\/apresentacaocontentmkt.com.br\/terapiafloralemcuritiba\/wp-json\/wp\/v2\/posts"}],"about":[{"href":"https:\/\/apresentacaocontentmkt.com.br\/terapiafloralemcuritiba\/wp-json\/wp\/v2\/types\/post"}],"author":[{"embeddable":true,"href":"https:\/\/apresentacaocontentmkt.com.br\/terapiafloralemcuritiba\/wp-json\/wp\/v2\/users\/1"}],"replies":[{"embeddable":true,"href":"https:\/\/apresentacaocontentmkt.com.br\/terapiafloralemcuritiba\/wp-json\/wp\/v2\/comments?post=422"}],"version-history":[{"count":1,"href":"https:\/\/apresentacaocontentmkt.com.br\/terapiafloralemcuritiba\/wp-json\/wp\/v2\/posts\/422\/revisions"}],"predecessor-version":[{"id":427,"href":"https:\/\/apresentacaocontentmkt.com.br\/terapiafloralemcuritiba\/wp-json\/wp\/v2\/posts\/422\/revisions\/427"}],"wp:featuredmedia":[{"embeddable":true,"href":"https:\/\/apresentacaocontentmkt.com.br\/terapiafloralemcuritiba\/wp-json\/wp\/v2\/media\/426"}],"wp:attachment":[{"href":"https:\/\/apresentacaocontentmkt.com.br\/terapiafloralemcuritiba\/wp-json\/wp\/v2\/media?parent=422"}],"wp:term":[{"taxonomy":"category","embeddable":true,"href":"https:\/\/apresentacaocontentmkt.com.br\/terapiafloralemcuritiba\/wp-json\/wp\/v2\/categories?post=422"},{"taxonomy":"post_tag","embeddable":true,"href":"https:\/\/apresentacaocontentmkt.com.br\/terapiafloralemcuritiba\/wp-json\/wp\/v2\/tags?post=422"}],"curies":[{"name":"wp","href":"https:\/\/api.w.org\/{rel}","templated":true}]}}